{"id":735,"date":"2025-05-29T09:52:06","date_gmt":"2025-05-29T09:52:06","guid":{"rendered":"https:\/\/tierrasylenguas.com\/?p=735"},"modified":"2025-06-03T14:47:31","modified_gmt":"2025-06-03T14:47:31","slug":"por-que-deberias-aprender-catalan-este-ano","status":"publish","type":"post","link":"https:\/\/tierrasylenguas.com\/es_es\/why-you-should-learn-catalan-this-year\/","title":{"rendered":"Why  Should You Learn Catalan This Year?"},"content":{"rendered":"<p class=\"\"><\/p>\n\n\n\n<p class=\"\"><strong>Descubre las ventajas de dominar una lengua rica en cultura<\/strong><br>El catal\u00e1n no es solo un idioma, es una puerta abierta a un mundo lleno de historia, cultura y oportunidades. Ya sea por razones profesionales, personales o simplemente para enriquecer tu conocimiento de lenguas, aprender catal\u00e1n puede ser una de las decisiones m\u00e1s acertadas que tomes. En Tierras y Lenguas, te mostramos las razones por las cuales este idioma deber\u00eda estar en tu lista de idiomas por aprender este a\u00f1o. En&nbsp;<strong>Tierras y Lenguas<\/strong>, te mostramos las razones por las cuales este idioma deber\u00eda estar en tu lista de idiomas por aprender este a\u00f1o.<\/p>\n\n\n\n<p class=\"\"><strong>El Catal\u00e1n: Mucho M\u00e1s que un Idioma Local<\/strong><br>El catal\u00e1n es hablado no solo en Catalu\u00f1a, sino tambi\u00e9n en las Islas Baleares, la Comunidad Valenciana y el Principado de Andorra, \u00a1incluso en algunas zonas de Francia! Es uno de los idiomas oficiales en varias comunidades aut\u00f3nomas espa\u00f1olas, lo que abre muchas puertas tanto en el \u00e1mbito personal como profesional.<\/p>\n\n\n\n<p class=\"\"><strong>Ventajas profesionales de hablar catal\u00e1n<\/strong><br>En el mundo laboral, el catal\u00e1n es un activo muy valorado, especialmente en Espa\u00f1a. Si planeas trabajar en el sector p\u00fablico o en empresas locales en Catalu\u00f1a, Baleares o la Comunidad Valenciana, dominar el catal\u00e1n te proporcionar\u00e1 una ventaja competitiva significativa. En muchos casos, es un requisito para acceder a ciertos puestos o para progresar dentro de la empresa. Adem\u00e1s, si eres un profesional que trabaja en el \u00e1mbito de la traducci\u00f3n, la cultura o el turismo, el catal\u00e1n es un idioma clave que te ayudar\u00e1 a expandir tus oportunidades laborales.<\/p>\n\n\n\n<p class=\"\"><strong>Un idioma lleno de cultura y tradici\u00f3n<\/strong><br>El catal\u00e1n est\u00e1 profundamente relacionado con una rica tradici\u00f3n cultural. Desde la famosa literatura catalana hasta el cine, la m\u00fasica y las festividades locales, aprender catal\u00e1n te permitir\u00e1 sumergirte en una cultura \u00fanica. \u00bfTe imaginas poder disfrutar de las obras de escritores como<a href=\"https:\/\/www.mercerodoreda.cat\/\" data-type=\"link\" data-id=\"https:\/\/www.mercerodoreda.cat\/\">\u00a0<strong>Merc\u00e8 Rodoreda<\/strong>\u00a0<\/a>o\u00a0<strong><a href=\"https:\/\/patrimoni.gencat.cat\/es\/coleccion\/josep-pla\" data-type=\"link\" data-id=\"https:\/\/patrimoni.gencat.cat\/es\/coleccion\/josep-pla\">Josep Pl\u00e0<\/a><\/strong>\u00a0Pla en su lengua original? Aprender catal\u00e1n es, sin duda, una forma de conectar m\u00e1s profundamente con una de las culturas m\u00e1s vibrantes de Europa.<\/p>\n\n\n\n<p class=\"\"><strong>El catal\u00e1n y la conexi\u00f3n con el mundo<\/strong><br>Al aprender catal\u00e1n, no solo adquieres un idioma; tambi\u00e9n te abres a una red m\u00e1s amplia de personas y culturas. Poder hablar en catal\u00e1n te permitir\u00e1 conectar m\u00e1s f\u00e1cilmente con los habitantes locales de las zonas catalanohablantes, hacer nuevos amigos y tener una experiencia m\u00e1s enriquecedora si decides visitar o vivir en estas \u00e1reas.<\/p>\n\n\n\n<p class=\"\"><strong>Estudiar catal\u00e1n con Tierras y Lenguas<\/strong><br>En\u00a0<strong><a href=\"https:\/\/tierrasylenguas.com\/es_es\/contacte-con-nosotros\/\">Tierras y Lenguas<\/a><\/strong>, ofrecemos un enfoque personalizado para el aprendizaje del catal\u00e1n. Desde el nivel m\u00e1s b\u00e1sico hasta niveles avanzados, nuestras clases est\u00e1n dise\u00f1adas para ayudarte a alcanzar una comprensi\u00f3n s\u00f3lida del idioma, adaptadas a tu ritmo y necesidades. Gracias a nuestro<a href=\"https:\/\/tierrasylenguas.com\/es_es\/contacte-con-nosotros\/\" data-type=\"page\" data-id=\"67\">\u00a0<strong>online <\/strong><\/a><strong>format<\/strong>, puedes estudiar catal\u00e1n desde cualquier lugar del mundo, con profesores nativos que te guiar\u00e1n en cada paso del proceso.<\/p>\n\n\n\n<p class=\"\"><strong>Expectativas Realistas y Valor.<\/strong><br>Si te preguntas cu\u00e1nto tiempo te llevar\u00e1 dominar el catal\u00e1n, la respuesta depender\u00e1 de tu dedicaci\u00f3n y de c\u00f3mo te involucres en el proceso. Con las clases adecuadas, es posible alcanzar fluidez r\u00e1pidamente. En\u00a0<strong><a href=\"https:\/\/tierrasylenguas.com\/es_es\/contacte-con-nosotros\/\">Tierras y Lenguas<\/a><\/strong>, ofrecemos\u00a0<strong><a href=\"https:\/\/tierrasylenguas.com\/es_es\/cursos\/\">precios accesibles<\/a><\/strong>\u00a0por clases de calidad, con el valor a\u00f1adido de ser una academia enfocada en resultados r\u00e1pidos y efectivos.<\/p>\n\n\n\n<p class=\"\"><strong>Conclusi\u00f3n<\/strong><br>El catal\u00e1n es mucho m\u00e1s que un idioma; es una&nbsp;<strong>herramienta cultural<\/strong>&nbsp;que te permitir\u00e1 acceder a una de las tradiciones m\u00e1s ricas de Europa y abrir nuevas oportunidades profesionales. Si est\u00e1s listo para sumergirte en la lengua y la cultura catalana,&nbsp;<strong>Tierras y Lenguas<\/strong>&nbsp;es la academia ideal para comenzar tu camino. \u00a1No esperes m\u00e1s y empieza hoy mismo!<\/p>\n\n\n\n<p class=\"\"><\/p>","protected":false},"excerpt":{"rendered":"<p>Learning Catalan not only connects you to a rich culture but also offers professional advantages in various regions. Discover how mastering this language can open new doors and enrich your personal and professional life.<\/p>","protected":false},"author":1,"featured_media":662,"comment_status":"open","ping_status":"open","sticky":false,"template":"","format":"standard","meta":{"nf_dc_page":"","_et_pb_use_builder":"off","_et_pb_old_content":"","_et_gb_content_width":"","_monsterinsights_skip_tracking":false,"_monsterinsights_sitenote_active":false,"_monsterinsights_sitenote_note":"","_monsterinsights_sitenote_category":0,"_jetpack_memberships_contains_paid_content":false,"footnotes":""},"categories":[10],"tags":[13,180,185,182,187,184,194,193,190,196,156,38,8,183,195,189,179,181,191,34,186,178,192,188,113],"class_list":["post-735","post","type-post","status-publish","format-standard","has-post-thumbnail","hentry","category-languages","tag-adult-learning","tag-catalan-classes","tag-catalan-culture","tag-catalan-for-professionals","tag-catalan-language","tag-cultural-heritage","tag-cultural-immersion","tag-language-academy","tag-language-learning","tag-language-opportunities","tag-language-skills","tag-languagegoals","tag-languages","tag-learn-catalan","tag-learn-spanish","tag-learning-languages","tag-linguistic-diversity","tag-multilingualism","tag-online-language-courses","tag-polyglot","tag-professional-advantages","tag-spanish-languages","tag-study-catalan-online","tag-tierras-y-lenguas","tag-tierrasylenguas"],"yoast_head":"<!-- This site is optimized with the Yoast SEO plugin v27.4 - https:\/\/yoast.com\/product\/yoast-seo-wordpress\/ -->\n<title>Why Should You Learn Catalan This Year? - Tierras y lenguas<\/title>\n<meta name=\"robots\" content=\"index, follow, max-snippet:-1, max-image-preview:large, max-video-preview:-1\" \/>\n<link rel=\"canonical\" href=\"https:\/\/tierrasylenguas.com\/es_es\/por-que-deberias-aprender-catalan-este-ano\/\" \/>\n<meta property=\"og:locale\" content=\"es_ES\" \/>\n<meta property=\"og:type\" content=\"article\" \/>\n<meta property=\"og:title\" content=\"Why Should You Learn Catalan This Year? - Tierras y lenguas\" \/>\n<meta property=\"og:description\" content=\"Learning Catalan not only connects you to a rich culture but also offers professional advantages in various regions. Discover how mastering this language can open new doors and enrich your personal and professional life.\" \/>\n<meta property=\"og:url\" content=\"https:\/\/tierrasylenguas.com\/es_es\/por-que-deberias-aprender-catalan-este-ano\/\" \/>\n<meta property=\"og:site_name\" content=\"Tierras y lenguas\" \/>\n<meta property=\"article:published_time\" content=\"2025-05-29T09:52:06+00:00\" \/>\n<meta property=\"article:modified_time\" content=\"2025-06-03T14:47:31+00:00\" \/>\n<meta property=\"og:image\" content=\"https:\/\/i0.wp.com\/tierrasylenguas.com\/wp-content\/uploads\/2024\/05\/iggy-love-qu5tammvit4-unsplash-1.jpg?fit=515%2C772&ssl=1\" \/>\n\t<meta property=\"og:image:width\" content=\"515\" \/>\n\t<meta property=\"og:image:height\" content=\"772\" \/>\n\t<meta property=\"og:image:type\" content=\"image\/jpeg\" \/>\n<meta name=\"author\" content=\"Myriam Pablo\" \/>\n<meta name=\"twitter:card\" content=\"summary_large_image\" \/>\n<meta name=\"twitter:label1\" content=\"Escrito por\" \/>\n\t<meta name=\"twitter:data1\" content=\"Myriam Pablo\" \/>\n\t<meta name=\"twitter:label2\" content=\"Tiempo de lectura\" \/>\n\t<meta name=\"twitter:data2\" content=\"3 minutos\" \/>\n<script type=\"application\/ld+json\" class=\"yoast-schema-graph\">{\"@context\":\"https:\\\/\\\/schema.org\",\"@graph\":[{\"@type\":\"Article\",\"@id\":\"https:\\\/\\\/tierrasylenguas.com\\\/why-you-should-learn-catalan-this-year\\\/#article\",\"isPartOf\":{\"@id\":\"https:\\\/\\\/tierrasylenguas.com\\\/why-you-should-learn-catalan-this-year\\\/\"},\"author\":{\"name\":\"Myriam Pablo\",\"@id\":\"https:\\\/\\\/tierrasylenguas.com\\\/#\\\/schema\\\/person\\\/a490adfee438b27cb141c8ac5b44f14a\"},\"headline\":\"Why Should You Learn Catalan This Year?\",\"datePublished\":\"2025-05-29T09:52:06+00:00\",\"dateModified\":\"2025-06-03T14:47:31+00:00\",\"mainEntityOfPage\":{\"@id\":\"https:\\\/\\\/tierrasylenguas.com\\\/why-you-should-learn-catalan-this-year\\\/\"},\"wordCount\":549,\"commentCount\":0,\"image\":{\"@id\":\"https:\\\/\\\/tierrasylenguas.com\\\/why-you-should-learn-catalan-this-year\\\/#primaryimage\"},\"thumbnailUrl\":\"https:\\\/\\\/i0.wp.com\\\/tierrasylenguas.com\\\/wp-content\\\/uploads\\\/2024\\\/05\\\/iggy-love-qu5tammvit4-unsplash-1.jpg?fit=515%2C772&ssl=1\",\"keywords\":[\"adult learning\",\"Catalan classes\",\"Catalan culture\",\"Catalan for professionals\",\"Catalan language\",\"cultural heritage\",\"cultural immersion\",\"language academy\",\"language learning\",\"language opportunities\",\"language skills\",\"LanguageGoals\",\"languages\",\"Learn Catalan\",\"learn Spanish\",\"learning languages\",\"linguistic diversity\",\"multilingualism\",\"online language courses\",\"polyglot\",\"professional advantages\",\"Spanish languages\",\"study Catalan online\",\"Tierras y Lenguas\",\"Tierrasylenguas\"],\"articleSection\":[\"languages\"],\"inLanguage\":\"es\",\"potentialAction\":[{\"@type\":\"CommentAction\",\"name\":\"Comment\",\"target\":[\"https:\\\/\\\/tierrasylenguas.com\\\/why-you-should-learn-catalan-this-year\\\/#respond\"]}]},{\"@type\":\"WebPage\",\"@id\":\"https:\\\/\\\/tierrasylenguas.com\\\/why-you-should-learn-catalan-this-year\\\/\",\"url\":\"https:\\\/\\\/tierrasylenguas.com\\\/why-you-should-learn-catalan-this-year\\\/\",\"name\":\"Why Should You Learn Catalan This Year? - Tierras y lenguas\",\"isPartOf\":{\"@id\":\"https:\\\/\\\/tierrasylenguas.com\\\/#website\"},\"primaryImageOfPage\":{\"@id\":\"https:\\\/\\\/tierrasylenguas.com\\\/why-you-should-learn-catalan-this-year\\\/#primaryimage\"},\"image\":{\"@id\":\"https:\\\/\\\/tierrasylenguas.com\\\/why-you-should-learn-catalan-this-year\\\/#primaryimage\"},\"thumbnailUrl\":\"https:\\\/\\\/i0.wp.com\\\/tierrasylenguas.com\\\/wp-content\\\/uploads\\\/2024\\\/05\\\/iggy-love-qu5tammvit4-unsplash-1.jpg?fit=515%2C772&ssl=1\",\"datePublished\":\"2025-05-29T09:52:06+00:00\",\"dateModified\":\"2025-06-03T14:47:31+00:00\",\"author\":{\"@id\":\"https:\\\/\\\/tierrasylenguas.com\\\/#\\\/schema\\\/person\\\/a490adfee438b27cb141c8ac5b44f14a\"},\"inLanguage\":\"es\",\"potentialAction\":[{\"@type\":\"ReadAction\",\"target\":[\"https:\\\/\\\/tierrasylenguas.com\\\/why-you-should-learn-catalan-this-year\\\/\"]}]},{\"@type\":\"ImageObject\",\"inLanguage\":\"es\",\"@id\":\"https:\\\/\\\/tierrasylenguas.com\\\/why-you-should-learn-catalan-this-year\\\/#primaryimage\",\"url\":\"https:\\\/\\\/i0.wp.com\\\/tierrasylenguas.com\\\/wp-content\\\/uploads\\\/2024\\\/05\\\/iggy-love-qu5tammvit4-unsplash-1.jpg?fit=515%2C772&ssl=1\",\"contentUrl\":\"https:\\\/\\\/i0.wp.com\\\/tierrasylenguas.com\\\/wp-content\\\/uploads\\\/2024\\\/05\\\/iggy-love-qu5tammvit4-unsplash-1.jpg?fit=515%2C772&ssl=1\",\"width\":515,\"height\":772},{\"@type\":\"WebSite\",\"@id\":\"https:\\\/\\\/tierrasylenguas.com\\\/#website\",\"url\":\"https:\\\/\\\/tierrasylenguas.com\\\/\",\"name\":\"Tierras y lenguas\",\"description\":\"\",\"potentialAction\":[{\"@type\":\"SearchAction\",\"target\":{\"@type\":\"EntryPoint\",\"urlTemplate\":\"https:\\\/\\\/tierrasylenguas.com\\\/?s={search_term_string}\"},\"query-input\":{\"@type\":\"PropertyValueSpecification\",\"valueRequired\":true,\"valueName\":\"search_term_string\"}}],\"inLanguage\":\"es\"},{\"@type\":\"Person\",\"@id\":\"https:\\\/\\\/tierrasylenguas.com\\\/#\\\/schema\\\/person\\\/a490adfee438b27cb141c8ac5b44f14a\",\"name\":\"Myriam Pablo\",\"image\":{\"@type\":\"ImageObject\",\"inLanguage\":\"es\",\"@id\":\"https:\\\/\\\/secure.gravatar.com\\\/avatar\\\/3365f48b95bc32ca6a88b9ba5c5bdcbfc9c32ce7fc055d4e06fa6f64c127f2e6?s=96&d=mm&r=g\",\"url\":\"https:\\\/\\\/secure.gravatar.com\\\/avatar\\\/3365f48b95bc32ca6a88b9ba5c5bdcbfc9c32ce7fc055d4e06fa6f64c127f2e6?s=96&d=mm&r=g\",\"contentUrl\":\"https:\\\/\\\/secure.gravatar.com\\\/avatar\\\/3365f48b95bc32ca6a88b9ba5c5bdcbfc9c32ce7fc055d4e06fa6f64c127f2e6?s=96&d=mm&r=g\",\"caption\":\"Myriam Pablo\"},\"url\":\"https:\\\/\\\/tierrasylenguas.com\\\/es_es\\\/author\\\/myriampabloucero\\\/\"}]}<\/script>\n<!-- \/ Yoast SEO plugin. -->","yoast_head_json":{"title":"Why Should You Learn Catalan This Year? - Tierras y lenguas","robots":{"index":"index","follow":"follow","max-snippet":"max-snippet:-1","max-image-preview":"max-image-preview:large","max-video-preview":"max-video-preview:-1"},"canonical":"https:\/\/tierrasylenguas.com\/es_es\/por-que-deberias-aprender-catalan-este-ano\/","og_locale":"es_ES","og_type":"article","og_title":"Why Should You Learn Catalan This Year? - Tierras y lenguas","og_description":"Learning Catalan not only connects you to a rich culture but also offers professional advantages in various regions. Discover how mastering this language can open new doors and enrich your personal and professional life.","og_url":"https:\/\/tierrasylenguas.com\/es_es\/por-que-deberias-aprender-catalan-este-ano\/","og_site_name":"Tierras y lenguas","article_published_time":"2025-05-29T09:52:06+00:00","article_modified_time":"2025-06-03T14:47:31+00:00","og_image":[{"width":515,"height":772,"url":"https:\/\/i0.wp.com\/tierrasylenguas.com\/wp-content\/uploads\/2024\/05\/iggy-love-qu5tammvit4-unsplash-1.jpg?fit=515%2C772&ssl=1","type":"image\/jpeg"}],"author":"Myriam Pablo","twitter_card":"summary_large_image","twitter_misc":{"Escrito por":"Myriam Pablo","Tiempo de lectura":"3 minutos"},"schema":{"@context":"https:\/\/schema.org","@graph":[{"@type":"Article","@id":"https:\/\/tierrasylenguas.com\/why-you-should-learn-catalan-this-year\/#article","isPartOf":{"@id":"https:\/\/tierrasylenguas.com\/why-you-should-learn-catalan-this-year\/"},"author":{"name":"Myriam Pablo","@id":"https:\/\/tierrasylenguas.com\/#\/schema\/person\/a490adfee438b27cb141c8ac5b44f14a"},"headline":"Why Should You Learn Catalan This Year?","datePublished":"2025-05-29T09:52:06+00:00","dateModified":"2025-06-03T14:47:31+00:00","mainEntityOfPage":{"@id":"https:\/\/tierrasylenguas.com\/why-you-should-learn-catalan-this-year\/"},"wordCount":549,"commentCount":0,"image":{"@id":"https:\/\/tierrasylenguas.com\/why-you-should-learn-catalan-this-year\/#primaryimage"},"thumbnailUrl":"https:\/\/i0.wp.com\/tierrasylenguas.com\/wp-content\/uploads\/2024\/05\/iggy-love-qu5tammvit4-unsplash-1.jpg?fit=515%2C772&ssl=1","keywords":["adult learning","Catalan classes","Catalan culture","Catalan for professionals","Catalan language","cultural heritage","cultural immersion","language academy","language learning","language opportunities","language skills","LanguageGoals","languages","Learn Catalan","learn Spanish","learning languages","linguistic diversity","multilingualism","online language courses","polyglot","professional advantages","Spanish languages","study Catalan online","Tierras y Lenguas","Tierrasylenguas"],"articleSection":["languages"],"inLanguage":"es","potentialAction":[{"@type":"CommentAction","name":"Comment","target":["https:\/\/tierrasylenguas.com\/why-you-should-learn-catalan-this-year\/#respond"]}]},{"@type":"WebPage","@id":"https:\/\/tierrasylenguas.com\/why-you-should-learn-catalan-this-year\/","url":"https:\/\/tierrasylenguas.com\/why-you-should-learn-catalan-this-year\/","name":"Why Should You Learn Catalan This Year? - Tierras y lenguas","isPartOf":{"@id":"https:\/\/tierrasylenguas.com\/#website"},"primaryImageOfPage":{"@id":"https:\/\/tierrasylenguas.com\/why-you-should-learn-catalan-this-year\/#primaryimage"},"image":{"@id":"https:\/\/tierrasylenguas.com\/why-you-should-learn-catalan-this-year\/#primaryimage"},"thumbnailUrl":"https:\/\/i0.wp.com\/tierrasylenguas.com\/wp-content\/uploads\/2024\/05\/iggy-love-qu5tammvit4-unsplash-1.jpg?fit=515%2C772&ssl=1","datePublished":"2025-05-29T09:52:06+00:00","dateModified":"2025-06-03T14:47:31+00:00","author":{"@id":"https:\/\/tierrasylenguas.com\/#\/schema\/person\/a490adfee438b27cb141c8ac5b44f14a"},"inLanguage":"es","potentialAction":[{"@type":"ReadAction","target":["https:\/\/tierrasylenguas.com\/why-you-should-learn-catalan-this-year\/"]}]},{"@type":"ImageObject","inLanguage":"es","@id":"https:\/\/tierrasylenguas.com\/why-you-should-learn-catalan-this-year\/#primaryimage","url":"https:\/\/i0.wp.com\/tierrasylenguas.com\/wp-content\/uploads\/2024\/05\/iggy-love-qu5tammvit4-unsplash-1.jpg?fit=515%2C772&ssl=1","contentUrl":"https:\/\/i0.wp.com\/tierrasylenguas.com\/wp-content\/uploads\/2024\/05\/iggy-love-qu5tammvit4-unsplash-1.jpg?fit=515%2C772&ssl=1","width":515,"height":772},{"@type":"WebSite","@id":"https:\/\/tierrasylenguas.com\/#website","url":"https:\/\/tierrasylenguas.com\/","name":"Tierras y lenguas","description":"","potentialAction":[{"@type":"SearchAction","target":{"@type":"EntryPoint","urlTemplate":"https:\/\/tierrasylenguas.com\/?s={search_term_string}"},"query-input":{"@type":"PropertyValueSpecification","valueRequired":true,"valueName":"search_term_string"}}],"inLanguage":"es"},{"@type":"Person","@id":"https:\/\/tierrasylenguas.com\/#\/schema\/person\/a490adfee438b27cb141c8ac5b44f14a","name":"Myriam Pablo","image":{"@type":"ImageObject","inLanguage":"es","@id":"https:\/\/secure.gravatar.com\/avatar\/3365f48b95bc32ca6a88b9ba5c5bdcbfc9c32ce7fc055d4e06fa6f64c127f2e6?s=96&d=mm&r=g","url":"https:\/\/secure.gravatar.com\/avatar\/3365f48b95bc32ca6a88b9ba5c5bdcbfc9c32ce7fc055d4e06fa6f64c127f2e6?s=96&d=mm&r=g","contentUrl":"https:\/\/secure.gravatar.com\/avatar\/3365f48b95bc32ca6a88b9ba5c5bdcbfc9c32ce7fc055d4e06fa6f64c127f2e6?s=96&d=mm&r=g","caption":"Myriam Pablo"},"url":"https:\/\/tierrasylenguas.com\/es_es\/author\/myriampabloucero\/"}]}},"jetpack_featured_media_url":"https:\/\/i0.wp.com\/tierrasylenguas.com\/wp-content\/uploads\/2024\/05\/iggy-love-qu5tammvit4-unsplash-1.jpg?fit=515%2C772&ssl=1","jetpack_sharing_enabled":true,"_links":{"self":[{"href":"https:\/\/tierrasylenguas.com\/es_es\/wp-json\/wp\/v2\/posts\/735","targetHints":{"allow":["GET"]}}],"collection":[{"href":"https:\/\/tierrasylenguas.com\/es_es\/wp-json\/wp\/v2\/posts"}],"about":[{"href":"https:\/\/tierrasylenguas.com\/es_es\/wp-json\/wp\/v2\/types\/post"}],"author":[{"embeddable":true,"href":"https:\/\/tierrasylenguas.com\/es_es\/wp-json\/wp\/v2\/users\/1"}],"replies":[{"embeddable":true,"href":"https:\/\/tierrasylenguas.com\/es_es\/wp-json\/wp\/v2\/comments?post=735"}],"version-history":[{"count":5,"href":"https:\/\/tierrasylenguas.com\/es_es\/wp-json\/wp\/v2\/posts\/735\/revisions"}],"predecessor-version":[{"id":744,"href":"https:\/\/tierrasylenguas.com\/es_es\/wp-json\/wp\/v2\/posts\/735\/revisions\/744"}],"wp:featuredmedia":[{"embeddable":true,"href":"https:\/\/tierrasylenguas.com\/es_es\/wp-json\/wp\/v2\/media\/662"}],"wp:attachment":[{"href":"https:\/\/tierrasylenguas.com\/es_es\/wp-json\/wp\/v2\/media?parent=735"}],"wp:term":[{"taxonomy":"category","embeddable":true,"href":"https:\/\/tierrasylenguas.com\/es_es\/wp-json\/wp\/v2\/categories?post=735"},{"taxonomy":"post_tag","embeddable":true,"href":"https:\/\/tierrasylenguas.com\/es_es\/wp-json\/wp\/v2\/tags?post=735"}],"curies":[{"name":"wp","href":"https:\/\/api.w.org\/{rel}","templated":true}]}}